{"id":468,"date":"2020-10-21T17:23:56","date_gmt":"2020-10-21T17:23:56","guid":{"rendered":"https:\/\/madridvatforum.tax\/?p=468"},"modified":"2020-11-19T16:48:11","modified_gmt":"2020-11-19T16:48:11","slug":"iva-comercio-electronico-y-economia-colaborativa","status":"publish","type":"post","link":"https:\/\/madridvatforum.tax\/en\/actividades\/iva-comercio-electronico-y-economia-colaborativa\/","title":{"rendered":"IVA, COMERCIO ELECTR\u00d3NICO Y ECONOM\u00cdA COLABORATIVA."},"content":{"rendered":"\n<p>Seminario Web IVA. Jueves 19 de noviembre 10:30 \u2013 12:30<\/p>\n\n\n\n<p>En el seminario se analizar\u00e1n las modificaciones que entrar\u00e1n en vigor el 1 de julio de 2021 en la tributaci\u00f3n en el IVA del comercio electr\u00f3nico:<\/p>\n\n\n\n<ul class=\"wp-block-list\"><li>Desaparici\u00f3n de los umbrales de ventas a distancia de bienes;<\/li><li>Extensi\u00f3n del sistema de ventanilla \u00fanica a gran cantidad de operaciones B2C;<\/li><li>Responsabilidad de las plataformas digitales que facilitan este tipo de ventas;<\/li><li>Nuevo r\u00e9gimen de importaci\u00f3n.<\/li><li>An\u00e1lisis IVA de casos pr\u00e1cticos que podr\u00edan darse a partir del 1 de julio de 2021.<\/li><\/ul>\n\n\n\n<p>Dentro de la econom\u00eda colaborativa intentaremos dar respuesta al tratamiento en el IVA que debe darse a determinados nuevos modelos de negocio:<\/p>\n\n\n\n<ul class=\"wp-block-list\"><li>Calificaci\u00f3n del servicio prestado por las plataformas que intervienen en este tipo de actividades (mediaci\u00f3n, servicios prestados por v\u00eda electr\u00f3nica, grado de intervenci\u00f3n humana etc).<\/li><li>Calificaci\u00f3n a los efectos del IVA de las personas que ofrecen bienes y servicios en el marco de la econom\u00eda colaborativa.<\/li><li>An\u00e1lisis IVA de determinados modelos de negocio que ocurren hoy en d\u00eda en el \u00e1mbito de la econom\u00eda colaborativa (reparto de comida a domicilio, transporte de personas y alquileres de bienes inmuebles).<\/li><\/ul>\n\n\n\n<hr class=\"wp-block-separator has-text-color has-background is-style-dots\" style=\"background-color:#6d121e;color:#6d121e\"\/>\n\n\n\n<p class=\"has-text-align-center\"><strong>Se requiere inscripci\u00f3n previa al seminario en el siguiente enlace:<\/strong><\/p>\n\n\n\n<div style=\"height:20px\" aria-hidden=\"true\" class=\"wp-block-spacer\"><\/div>\n\n\n\n<div class=\"wp-block-image\"><figure class=\"aligncenter size-large is-resized\"><a href=\"https:\/\/zoom.us\/webinar\/register\/WN_itTNsa6OStC2hvKsfS6Mrg\" target=\"_blank\" rel=\"noopener noreferrer\"><img loading=\"lazy\" decoding=\"async\" src=\"https:\/\/madridvatforum.tax\/wp-content\/uploads\/2020\/10\/Fundacion-Madrid-VAT-Forum-Webinar-1024x512.jpg\" alt=\"\" class=\"wp-image-470\" width=\"512\" height=\"256\" srcset=\"https:\/\/madridvatforum.tax\/wp-content\/uploads\/2020\/10\/Fundacion-Madrid-VAT-Forum-Webinar-1024x512.jpg 1024w, https:\/\/madridvatforum.tax\/wp-content\/uploads\/2020\/10\/Fundacion-Madrid-VAT-Forum-Webinar-300x150.jpg 300w, https:\/\/madridvatforum.tax\/wp-content\/uploads\/2020\/10\/Fundacion-Madrid-VAT-Forum-Webinar-768x384.jpg 768w, https:\/\/madridvatforum.tax\/wp-content\/uploads\/2020\/10\/Fundacion-Madrid-VAT-Forum-Webinar-1536x768.jpg 1536w, https:\/\/madridvatforum.tax\/wp-content\/uploads\/2020\/10\/Fundacion-Madrid-VAT-Forum-Webinar.jpg 1800w\" sizes=\"auto, (max-width: 512px) 100vw, 512px\" \/><\/a><figcaption>Pulse sobre el banner para acceder al registro<\/figcaption><\/figure><\/div>\n\n\n\n<p class=\"has-text-align-center\"><strong>El seminario web ha finalizado, su registro est\u00e1 cerrado. <\/strong><br>Si tiene alguna pregunta, p\u00f3ngase en contacto con la Fundaci\u00f3n.<\/p>\n","protected":false},"excerpt":{"rendered":"<p>Seminario Web IVA. Jueves 19 de noviembre 10:30 \u2013 12:30<\/p>\n","protected":false},"author":2,"featured_media":470,"comment_status":"open","ping_status":"open","sticky":false,"template":"","format":"standard","meta":{"footnotes":""},"categories":[7],"tags":[],"class_list":["post-468","post","type-post","status-publish","format-standard","has-post-thumbnail","hentry","category-eventos-y-actividades"],"_links":{"self":[{"href":"https:\/\/madridvatforum.tax\/en\/wp-json\/wp\/v2\/posts\/468","targetHints":{"allow":["GET"]}}],"collection":[{"href":"https:\/\/madridvatforum.tax\/en\/wp-json\/wp\/v2\/posts"}],"about":[{"href":"https:\/\/madridvatforum.tax\/en\/wp-json\/wp\/v2\/types\/post"}],"author":[{"embeddable":true,"href":"https:\/\/madridvatforum.tax\/en\/wp-json\/wp\/v2\/users\/2"}],"replies":[{"embeddable":true,"href":"https:\/\/madridvatforum.tax\/en\/wp-json\/wp\/v2\/comments?post=468"}],"version-history":[{"count":11,"href":"https:\/\/madridvatforum.tax\/en\/wp-json\/wp\/v2\/posts\/468\/revisions"}],"predecessor-version":[{"id":501,"href":"https:\/\/madridvatforum.tax\/en\/wp-json\/wp\/v2\/posts\/468\/revisions\/501"}],"wp:featuredmedia":[{"embeddable":true,"href":"https:\/\/madridvatforum.tax\/en\/wp-json\/wp\/v2\/media\/470"}],"wp:attachment":[{"href":"https:\/\/madridvatforum.tax\/en\/wp-json\/wp\/v2\/media?parent=468"}],"wp:term":[{"taxonomy":"category","embeddable":true,"href":"https:\/\/madridvatforum.tax\/en\/wp-json\/wp\/v2\/categories?post=468"},{"taxonomy":"post_tag","embeddable":true,"href":"https:\/\/madridvatforum.tax\/en\/wp-json\/wp\/v2\/tags?post=468"}],"curies":[{"name":"wp","href":"https:\/\/api.w.org\/{rel}","templated":true}]}}